{"id":808,"date":"2004-11-19T00:16:24","date_gmt":"2004-11-19T00:16:24","guid":{"rendered":"http:\/\/wiedzmin.rpg.pl\/strona\/?p=808"},"modified":"2004-11-19T00:16:24","modified_gmt":"2004-11-19T00:16:24","slug":"circaetus-corax","status":"publish","type":"post","link":"https:\/\/wiedzmin.zrpg.pl\/strona\/circaetus-corax\/","title":{"rendered":"Circaetus Corax"},"content":{"rendered":"\n<p align=\"center\">Circaetus  Corax<\/p>\n<p><i>    &#8222; (&#8230;) Gdy elfy  rzuci\u0142y si\u0119 do rabowania zw\u0142ok Nilfgaardczyk\u00f3w, Vitring mia\u0142 wreszcie okazj\u0119 przyjrze\u0107 si\u0119 im dok\u0142adniej.  Elf\u00f3w by\u0142o pi\u0119tna\u015bcioro, r\u00f3\u017cnej p\u0142ci, ale m\u0119\u017cczyzn by\u0142o wi\u0119cej ni\u017c kobiet. Opr\u00f3cz elf\u00f3w wypatrzy\u0142 te\u017c jedn\u0105 driad\u0119, wyra\u017anie odr\u00f3\u017cniaj\u0105c\u0105 si\u0119 wzrostem i kolorem w\u0142os\u00f3w. &#8222; Scoia&#8217;tael&#8221; pomy\u015bla\u0142.<\/p>\n<p>Ale zaraz przysz\u0142o mu do g\u0142owy, \u017ce chyba si\u0119 pomyli\u0142.<\/p>\n<p>Jak na Scoia&#8217;tael byli zbyt dobrze uzbrojeni.<\/p>\n<p>I dziwnie; niezwykle jak na elfy.<\/p>\n<p>Mieli g\u0142\u00f3wnie nilfgaardzkie zbroje p\u0142ytowe, pozbawione wszelkich oznacze\u0144, jednolicie czarne; ze dwie osoby mia\u0142y czarne pancerze  sk\u00f3rzane, ale u ko\u0144skich siode\u0142 wida\u0107 by\u0142o  z daleka przytroczone p\u0142yt\u00f3wki; wi\u0119kszo\u015b\u0107 mia\u0142a pe\u0142ne he\u0142my  zamkni\u0119te, z uchylan\u0105 przy\u0142bic\u0105, g\u0142\u00f3wnie bez pi\u00f3ropuszy i innych ozd\u00f3b; wszyscy mieli pod spodem  kolczugi, a przy siod\u0142ach wisia\u0142y tarcze; kilkana\u015bcie d\u0142ugich lanc sta\u0142o opartych o drzewo, a ka\u017cdy z wojownik\u00f3w mia\u0142 u pasa miecz, a kilka os\u00f3b jeszcze jak\u0105\u015b inn\u0105, dodatkow\u0105 bro\u0144; przy ka\u017cdym siodle wisia\u0142 \u0142uk, a u dw\u00f3ch osobnik\u00f3w zauwa\u017cy\u0142 kusze.<\/p>\n<p> Generalnie towarzystwo wygl\u0105da\u0142o na mocno niebezpieczne i&#8230; niezwyk\u0142e. <\/p>\n<p>Niezwyk\u0142e jak na elfy.<\/p>\n<p>Dwana\u015bcie os\u00f3b krz\u0105ta\u0142o si\u0119 przy trupach, a trzy spogl\u0105da\u0142y na  nich z wysoko\u015bci ko\u0144skich  grzbiet\u00f3w, z podniesionymi wysoko g\u0142owami. By\u0142o jasne, \u017ce to przyw\u00f3dcy. Vitring postanowi\u0142 przyjrze\u0107 si\u0119 im dok\u0142adniej. Na pot\u0119\u017cnym Nilfgaardzkim ogierze bojowym siedzia\u0142 sporych rozmiar\u00f3w elf, w pe\u0142nej czarnej p\u0142yt\u00f3wce, czarnej kolczudze, czarnych sk\u00f3rzanych r\u0119kawicach i d\u0142ugim czarnym p\u0142aszczu z kapturem. Jego d\u0142ugie do ramion ciemnoblond w\u0142osy spina\u0142a czerwona chustka owini\u0119ta wok\u00f3\u0142 g\u0142owy  i zawi\u0105zana z ty\u0142u, wyra\u017anie w celach ozdobnych, poniewa\u017c nie by\u0142o pod ni\u0105 opatrunku.<\/p>\n<p>Na lewym oku mia\u0142 pionow\u0105 blizn\u0119, zapewne jakie\u015b ostrze zatrzyma\u0142o si\u0119 na wale nadoczodo\u0142owym i ko\u015bci policzkowej. <\/p>\n<p>Przy lewym biodrze wisia\u0142 miecz, w pi\u0119knej bogato zdobionej srebrem pochwie, znad kt\u00f3rej wystawa\u0142a \u0142adna, aczkolwiek bardziej funkcjonalna ni\u017c ozdobna r\u0119koje\u015b\u0107, z jelcem wygi\u0119tym lekko i wdzi\u0119cznie w delikatny p\u00f3\u0142ksi\u0119\u017cyc, otwarty w kierunku ostrza.<\/p>\n<p>G\u0142owica mia\u0142a r\u00f3wnie\u017c kszta\u0142t p\u00f3\u0142ksi\u0119\u017cyca, z niewielkim, kulistym ametystem wewn\u0105trz. <\/p>\n<p>Przy siodle wisia\u0142a okr\u0105g\u0142a obci\u0105gni\u0119ta czarn\u0105 sk\u00f3r\u0105 tarcza z prostym p\u00f3\u0142kulistym  umbem z szarej stali.<\/p>\n<p>Po drugiej stronie wisia\u0142 sajdak z wystaj\u0105cym fragmentem ramienia \u0142uku, retrorefleksyjnego, kompozytowego zefhara.  Wojownik trzyma\u0142 czarny he\u0142m ozdobiony kruczymi skrzyd\u0142ami oparty o biodro.<\/p>\n<p>Drug\u0105 postaci\u0105 by\u0142a drobnej budowy driada, na niewielkiej, kasztanowej klaczce. Ubrana by\u0142a w sk\u00f3rzan\u0105 zbroj\u0119, bez he\u0142mu i tarczy. W r\u0119ce trzyma\u0142a d\u0142ugi \u0142uk, a znad ramienia wystawa\u0142y jej \u015bnie\u017cnobia\u0142e lotki strza\u0142. Jej d\u0142ugie, faluj\u0105ce w\u0142osy mia\u0142y niesamowity zielonobr\u0105zowy kolor.  Niezwykle du\u017ce oczy omiata\u0142y ca\u0142y teren. D\u0142ugi,  maskuj\u0105cy, br\u0105zowoszary p\u0142aszcz z kapturem ukrywa\u0142 wi\u0119kszo\u015b\u0107 jej sylwetki, i Havekar nie by\u0142 w stanie okre\u015bli\u0107 czy opr\u00f3cz \u0142uku ma jeszcze jak\u0105\u015b bro\u0144.<\/p>\n<p>Trzecia posta\u0107 nie wygl\u0105da\u0142a na wojownika. Delikatnej urody elfijski m\u0142odzieniec odziany by\u0142 w aksamitny p\u0142aszcz w kolorze kr\u00f3lewskiej zieleni. Spina\u0142a go srebrna brosza, kt\u00f3rej szczeg\u00f3\u0142\u00f3w Vitring z powodu odleg\u0142o\u015bci nieby\u0142 w stanie okre\u015bli\u0107. Jego kr\u0119cone w\u0142osy mia\u0142y prawie ten sam odcie\u0144 br\u0105zu, co sier\u015b\u0107 wa\u0142acha na kt\u00f3rym siedzia\u0142.<\/p>\n<p>W tym czasie reszta elf\u00f3w sko\u0144czy\u0142a swoj\u0105 robot\u0119.<\/p>\n<p>Wszystkie cz\u0119\u015bci zbroic zdartych z trup\u00f3w wyl\u0105dowa\u0142y w workach, kt\u00f3re przytroczono do lu\u017anych koni.<\/p>\n<p>Na my\u015bl o straszliwej \u015bmierci, spowodowanej magi\u0105, jaka spotka\u0142a Nilfgaardczyk\u00f3w, Vitring mimowolnie si\u0119 wzdrygn\u0105\u0142. Wtem bystrooka driada krzykn\u0119\u0142a ostrzegawczo, wskazuj\u0105c na resztki wozu, pod kt\u00f3rym kry\u0142 si\u0119 handlarz. Natychmiast kilka elf\u00f3w rzuci\u0142o si\u0119 pod w\u00f3z i w mgnieniu oka Vitring zosta\u0142 wywleczony na \u015brodek polany.<\/p>\n<p>Elfy w tym momencie odskoczy\u0142y, a posta\u0107 w szmaragdowym p\u0142aszczu wykona\u0142a szybko kilka gest\u00f3w,<\/p>\n<p>i  natychmiast wok\u00f3\u0142 Terhovena zmaterializowa\u0142y si\u0119 trzy ogniste obr\u0119cze. Pierwsza wisia\u0142a na wysoko\u015bci jego ramion, druga na wysoko\u015bci bioder, a trzecia na wysoko\u015bci kolan. Obr\u0119cze by\u0142y z czystego ognia, i otacza\u0142y go tylko w takiej odleg\u0142o\u015bci, aby go nie przysma\u017cy\u0107, jednak czu\u0142 ich gor\u0105co. W ten spos\u00f3b by\u0142 skutecznie unieruchomiony, bowiem ka\u017cda pr\u00f3ba ruchu sko\u0144czy\u0142aby si\u0119 poparzeniem.<\/p>\n<p>Jego sytuacja nie malowa\u0142a si\u0119 zach\u0119caj\u0105co&#8230;<\/p>\n<p>(&#8230;)&#8221;<\/p>\n<p><\/i><\/p>\n<div class=\"wgw_hr\"><\/div>\n<p>Tym opowiadaniem przedstawi\u0142em czytelnikowi kolejne z  serii elfijskie zakl\u0119cie.<br \/>\nNosi ono nazw\u0119 Circaetus Corax. <\/p>\n<p>Jest od wiek\u00f3w popularnie wykorzystywane do skutecznego unieruchamiania je\u0144c\u00f3w  i wi\u0119\u017ani\u00f3w.<br \/>\nZ powodu swojej formu\u0142y ognistych obr\u0119czy aresztant nie mia\u0142 szans na ucieczk\u0119, poniewa\u017c ka\u017cda pr\u00f3ba wi\u0119kszego ruchu ko\u0144czy si\u0119 poparzeniem. Zakl\u0119cie mo\u017cna r\u00f3wnie\u017c wykorzystywa\u0107 do torturowania je\u0144c\u00f3w,<br \/>\nponiewa\u017c  czarodziej je rzucaj\u0105cy mo\u017ce bez wysi\u0142k\u00f3w i dodatkowych  koszt\u00f3w regulowa\u0107 jego moc<br \/>\n(temperatur\u0119 p\u0142omieni i rozmiar obr\u0119czy). <\/p>\n<p>Historia zakl\u0119cia si\u0119ga czas\u00f3w przybycia ludzi na Kontynent. Elfy wykorzystywa\u0142y je popularnie podczas walk z lud\u017ami,  tak w najwi\u0119kszym powstaniu Aerlinnen,  jak i w rozlicznych drobnych potyczkach i utarczkach mi\u0119dzyrasowych. W odr\u00f3\u017cnieniu od Galaddhremminn Ennorath nigdy go nie zapomniano, lecz by\u0142o w u\u017cytku stale, i jest do dzisiaj. <\/p>\n<p>Jego tw\u00f3rca jest nieznany, ale istniej\u0105 przypuszczenia, \u017ce, tak jak Galaddhremminn Ennorath, stworzy\u0142 je Wiedz\u0105cy, kt\u00f3ry  \u017cy\u0142 kilka wiek\u00f3w przed pojawieniem si\u0119 na bia\u0142ych pla\u017cach ludzkich okr\u0119t\u00f3w; okr\u0119t\u00f3w stworze\u0144, kt\u00f3re pocz\u0105tkowo by\u0142y bra\u0107mi, p\u00f3\u017aniej za\u015b \u015bmiertelnymi wrogami. \u00d3w  Wiedz\u0105cy by\u0142 o tyle niezwyk\u0142y, i\u017c jego najlepszym przyjacielem by\u0142 ni mniej ni wi\u0119cej jak tylko&#8230; Krasnolud, imi\u0119 kt\u00f3rego przetrwa\u0142o wieki w pewnych zapiskach, w odr\u00f3\u017cnieniu od owego Wiedz\u0105cego, kt\u00f3ry jest dla wsp\u00f3\u0142czesnych zagadk\u0105 r\u00f3wnie niezwyk\u0142\u0105, jak potw\u00f3r zwany Meduz\u0105.<br \/>\nKrasnolud ten, niestety jest r\u00f3wnie\u017c na po\u0142y legendarny, i nie mo\u017cna na dzie\u0144 dzisiejszy stwierdzi\u0107, czy nie jest on legend\u0105  tak\u0105, jak jego rzekome dzie\u0142o, mityczny ju\u017c top\u00f3r. Imi\u0119 jego wedle legend i niekt\u00f3rych, legendarnych cz\u0119\u015bciowo kronik brzmia\u0142o Dougan Redhammer; o Wiedz\u0105cym natomiast nie mo\u017cna powiedzie\u0107 nawet tyle.  <\/p>\n<p>Zostawiaj\u0105c histori\u0119 nale\u017cy wspomnie\u0107, \u017ce formu\u0142a tego zakl\u0119cia jest trzymana w tajemnicy przed lud\u017ami,  tak zreszt\u0105  jak formu\u0142y wi\u0119kszo\u015bci innych zakl\u0119\u0107.<br \/>\nElfy twierdz\u0105, \u017ce ludzie wystarczaj\u0105co ju\u017c im nakradli magii w zamierzch\u0142ych czasach, tak wi\u0119c nie musz\u0105 robi\u0107 tego nadal w czasach dzisiejszych.<br \/>\nMaj\u0105  pe\u0142n\u0105 racj\u0119, bo czy zastanawia\u0142a\u015b si\u0119 kiedy\u015b Magiczko lub Magiku, ile z Twoich zakl\u0119\u0107 ma elfijskie korzenie?<\/p>\n<div class=\"wgw_hr\"><\/div>\n<p><b>Circaetus Corax<\/b><br \/>\n<b>PM<\/b>: 20<br \/>\n<b>MT<\/b>: 3<br \/>\n<b>WPR<\/b>: 50<br \/>\n<b>\u017bywio\u0142<\/b>: Ogie\u0144<br \/>\n<b>Spos\u00f3b rzucania<\/b>: gest<br \/>\n<b>Obrona magiczna<\/b>: nie<br \/>\n<b>Opis<\/b>: wok\u00f3\u0142 wi\u0119\u017ania materializuj\u0105 si\u0119 trzy ogniste obr\u0119cze: jedna na wysoko\u015bci ramion, druga \u0142okci, a trzecia kolan. Mag rzucaj\u0105cy zakl\u0119cie mo\u017ce bez \u017cadnych koszt\u00f3w regulowa\u0107 \u015brednic\u0119 obr\u0119czy (max. do 2 metr\u00f3w)  oraz  moc  p\u0142on\u0105cego ognia.<br \/>\n<b>UWAGA<\/b>: ogie\u0144 jest zupe\u0142nie prawdziwy i istnieje mo\u017cliwo\u015b\u0107 zapalenia si\u0119 przedmiot\u00f3w w pobli\u017cu obr\u0119czy<\/p>\n<div class=\"wgw_hr\"><\/div>\n<p><b>Dla czepialskich i dociekliwych<\/b>:<br \/>\nZakl\u0119cie pochodzi z ksi\u0105\u017cki Margaret Weis i Tracy&#8217;ego Hickman&#8217;a  &#8222;Przeznaczenie Miecza Mrok\u00f3w&#8221;  b\u0119d\u0105cej drugim tomem znakomitej trylogii &#8222;Miecz Mrok\u00f3w&#8221;i  zosta\u0142o przeze mnie dostosowane do \u015bwiata Wied\u017amina, oraz opatrzone odpowiedni\u0105 histori\u0105.<\/p>\n<p>Cie\u0144<\/p>\n","protected":false},"excerpt":{"rendered":"<p>czar elficki<\/p>\n","protected":false},"author":602,"featured_media":0,"comment_status":"open","ping_status":"closed","sticky":false,"template":"","format":"standard","meta":{"_et_pb_use_builder":"","_et_pb_old_content":"","_et_gb_content_width":"","footnotes":""},"categories":[38],"tags":[],"class_list":["post-808","post","type-post","status-publish","format-standard","hentry","category-moce","et-doesnt-have-format-content","et_post_format-et-post-format-standard"],"_links":{"self":[{"href":"https:\/\/wiedzmin.zrpg.pl\/strona\/wp-json\/wp\/v2\/posts\/808","targetHints":{"allow":["GET"]}}],"collection":[{"href":"https:\/\/wiedzmin.zrpg.pl\/strona\/wp-json\/wp\/v2\/posts"}],"about":[{"href":"https:\/\/wiedzmin.zrpg.pl\/strona\/wp-json\/wp\/v2\/types\/post"}],"author":[{"embeddable":true,"href":"https:\/\/wiedzmin.zrpg.pl\/strona\/wp-json\/wp\/v2\/users\/602"}],"replies":[{"embeddable":true,"href":"https:\/\/wiedzmin.zrpg.pl\/strona\/wp-json\/wp\/v2\/comments?post=808"}],"version-history":[{"count":0,"href":"https:\/\/wiedzmin.zrpg.pl\/strona\/wp-json\/wp\/v2\/posts\/808\/revisions"}],"wp:attachment":[{"href":"https:\/\/wiedzmin.zrpg.pl\/strona\/wp-json\/wp\/v2\/media?parent=808"}],"wp:term":[{"taxonomy":"category","embeddable":true,"href":"https:\/\/wiedzmin.zrpg.pl\/strona\/wp-json\/wp\/v2\/categories?post=808"},{"taxonomy":"post_tag","embeddable":true,"href":"https:\/\/wiedzmin.zrpg.pl\/strona\/wp-json\/wp\/v2\/tags?post=808"}],"curies":[{"name":"wp","href":"https:\/\/api.w.org\/{rel}","templated":true}]}}