{"id":304,"date":"2002-12-23T23:54:06","date_gmt":"2002-12-23T23:54:06","guid":{"rendered":"http:\/\/wiedzmin.rpg.pl\/strona\/?p=304"},"modified":"2002-12-23T23:54:06","modified_gmt":"2002-12-23T23:54:06","slug":"johann-vratimir-donnus","status":"publish","type":"post","link":"https:\/\/wiedzmin.zrpg.pl\/strona\/johann-vratimir-donnus\/","title":{"rendered":"Johann Vratimir Donnus"},"content":{"rendered":"<p><P ALIGN=\"CENTER\"><B>Johann Vratimir Donnus,<br \/>\nczyli o tym, jak by\u0107 nietypow\u0105 postaci\u0105 t\u0142a&#8230;<br \/>\n<\/B><\/P><br \/>\n\tWitam Was serdecznie po d\u0142u\u017cszej przerwie. Tym razem 'uracz\u0119&#8217; szanown\u0105 publik\u0119 opisem kolejnego (ju\u017c drugiego) bohatera niezale\u017cnego. Poprzedni bohater wzorowany by\u0142 mocno na pewnej postaci z naszego kr\u0119gu kulturowego. Nie inaczej b\u0119dzie i tym razem &#8211; w tym przypadku moj\u0105 ofiar\u0105 padnie niejaki John Donne, znany angielski poeta. W \u015bwiecie Wied\u017amina przeistoczy on si\u0119 w Johanna Vratimira Donnusa. A wszystko to po to, \u017ceby ubarwi\u0107 Kontynent i pokaza\u0107 Wam jak \u0142atwo mo\u017cna 'wyrze\u017abi\u0107&#8217; niez\u0142ego BN-a, maj\u0105c przyzwoity materia\u0142 \u017ar\u00f3d\u0142owy. A takiego materia\u0142u, jak wiadomo, nie brakuje&#8230;<\/p>\n<p><B>Dzieci\u0144stwo i smutek<\/B><\/p>\n<p>\tJohann urodzi\u0142 si\u0119 w niewielkim miasteczku Burdorff, we wschodniej Temerii. Wywodzi\u0142 si\u0119 z zamo\u017cnej rodziny &#8211; jego ojciec by\u0142 w\u0142a\u015bcicielem s\u0142ynnej na ca\u0142\u0105 okolic\u0119 ku\u017ani, a w dodatku rajc\u0105 miejskim. Co wi\u0119cej, postanowi\u0142 on inwestowa\u0107 w edukacj\u0119 syna i dzi\u0119ki temu Johann otrzyma\u0142 wszelkie niezb\u0119dne nauki. Jednak\u017ce szcz\u0119\u015bcie nie trwa\u0142o d\u0142ugo &#8211; pewnej d\u0142ugiej i mro\u017anej zimy, ojciec zmar\u0142 wyniszczony przewlek\u0142ym zapaleniem p\u0142uc. Zostawi\u0142 zrozpaczon\u0105 \u017con\u0119 i tr\u00f3jk\u0119 dzieci, w tym pierworodnego Johanna, maj\u0105cego w\u00f3wczas lat dziesi\u0119\u0107. Trzy lata p\u00f3\u017aniej nasz bohater wraz z m\u0142odszym o rok bratem Henrickiem wyruszy\u0142 do Oxenfurtu, by tam kontynuowa\u0107 nauk\u0119 i oddali\u0107 si\u0119 nieco od przygn\u0119biaj\u0105cej atmosfery Burdorffu. Opu\u015bci\u0142 rodzinne strony jako zagubiony w sobie m\u0142odzieniec startuj\u0105cy w doros\u0142e \u017cycie. Otuchy dodawa\u0142y mu bliska obecno\u015b\u0107 brata i silna wiara w Melitele &#8211; bogini\u0119, kt\u00f3r\u0105 rodzina Donnus\u00f3w wyznawa\u0142a od pokole\u0144. <\/p>\n<p><B>M\u0142odo\u015b\u0107 i nauka<\/B><\/p>\n<p>\tZdeterminowany i zdolny Johann szybko osi\u0105gn\u0105\u0142 naukowy sukces &#8211; zosta\u0142 jednym z najlepszych student\u00f3w w dziedzinie prawa i za to otrzyma\u0142 poka\u017ane stypendium. Umo\u017cliwi\u0142o mu to spokojne i dostatnie \u017cycie w Oxenfurcie. Na drodze stan\u0105\u0142 jednak pewien problem &#8211; kult Wiecznego Ognia, kt\u00f3ry szybko zdominowa\u0142 ca\u0142\u0105 Temeri\u0119 i Redani\u0119 wymaga\u0142 od przysz\u0142ych prawnik\u00f3w z\u0142o\u017cenia przysi\u0119gi na wierno\u015b\u0107 zasadom tej religii. Wyznaj\u0105cy ca\u0142ym sercem bogini\u0119 Melitele Johann nie m\u00f3g\u0142 si\u0119 na to zgodzi\u0107. Opu\u015bci\u0142 nie bez \u017calu uczelni\u0119 i nie otrzyma\u0142 prawa do wykonywania zawodu, mimo wybitnych zdolno\u015bci. Wtedy to natkn\u0105\u0142 si\u0119 przypadkiem na grup\u0119 utalentowanych pisarzy i poet\u00f3w zwi\u0105zanych ze \u015brodowiskiem akademickim. Szybko okaza\u0142o si\u0119, \u017ce zawi\u0142o\u015bci prawa to nie jedyna pasja m\u0142odego Donnusa. Wiersze i poematy, kt\u00f3re pisa\u0142, rozchodzi\u0142y si\u0119 jak \u015bwie\u017ce bu\u0142eczki, szczeg\u00f3lnie w\u015br\u00f3d m\u0142odych szlachcianek. Prze\u017cycia Johanna odbija\u0142y si\u0119 na jego tw\u00f3rczo\u015bci z tak niesamowit\u0105 moc\u0105, \u017ce uda\u0142o mu si\u0119 nawet bardzo dobrze zarabia\u0107 na pisaniu.<\/p>\n<p><B>Mi\u0142o\u015b\u0107 i zaw\u00f3d<\/B><\/p>\n<p>\tJedn\u0105 z wielkich mi\u0142o\u015bniczek jego poezji by\u0142a niejaka Estella Rimbodeux, dwudziestoletnia dziewczyna pochodz\u0105ca z zamo\u017cnej kupieckiej rodziny, maj\u0105cej monopol na kosmetyki i perfumy w ca\u0142ej zachodniej Redanii. Wzajemna fascynacja szybko przerodzi\u0142a si\u0119 w gor\u0105c\u0105 nami\u0119tno\u015b\u0107 \u017cywcem wzi\u0119t\u0105 z romans\u00f3w Johanna. Kochankowie spotykali si\u0119 ukradkiem przy \u015bwietle ksi\u0119\u017cyca i cz\u0119stokro\u0107 nie ko\u0144czy\u0142o si\u0119 tylko na czytaniu poezji. Sielanka trwa\u0142a przez ponad p\u00f3\u0142tora roku &#8211; Donnus kilkakrotnie usi\u0142owa\u0142 prosi\u0107 ojca Estelli o jej r\u0119k\u0119. Ten jednak odmawia\u0142, t\u0142umacz\u0105c si\u0119 m\u0142odym wiekiem i niedojrza\u0142o\u015bci\u0105 c\u00f3rki. Wci\u0105\u017c kaza\u0142 m\u0142odemu poecie czeka\u0107. Nied\u0142ugo potem okaza\u0142o si\u0119, dlaczego stary Rimbodeux tak zwleka\u0142 &#8211; on ju\u017c odo dawna planowa\u0142 wyda\u0107 Estell\u0119 za m\u0105\u017c za szanowanego radnego miejskiego (by\u0142 to niejaki Salmon Ekrade, cz\u0142owiek g\u0142upi i brzydki, ale bardzo bogaty). I wtedy sta\u0142a si\u0119 tragedia. Estella, zrozpaczona niemo\u017cliwo\u015bci\u0105 spotkania si\u0119 z kochankiem, podj\u0119\u0142a straszn\u0105 decyzj\u0119 i targn\u0119\u0142a si\u0119 na swe \u017cycie (niestety bardzo skutecznie &#8211; wypi\u0142a spor\u0105 ilo\u015b\u0107 truj\u0105cego wilczomleczu).<br \/>\nDla Johanna by\u0142o tego ju\u017c za wiele, zatapia\u0142 swe cierpienia w alkoholu, fisstechu i samotno\u015bci. P\u00f3\u0142 roku p\u00f3\u017aniej musia\u0142 ucieka\u0107 z Oxenfurtu przed lud\u017ami, kt\u00f3rym mia\u0142 odda\u0107 spore sumy pieni\u0119dzy.<\/p>\n<p><B>Wygnanie i przemiana<\/B><\/p>\n<p>\t Po d\u0142ugiej ucieczce przed zawzi\u0119t\u0105 pogoni\u0105 by\u0142y prawnik, poeta i kochanek znalaz\u0142 si\u0119 w ko\u0144cu w G\u00f3rnym Sodden, bo tam nie si\u0119ga\u0142a ju\u017c r\u0119ka sprawiedliwo\u015bci. Johann Vratimir Donnus zmar\u0142. To znaczy zmar\u0142 stary Johann i pojawi\u0142 si\u0119 nowy. A by\u0142o to tak &#8211; przymieraj\u0105cego g\u0142odem i bosego Donnusa nigdy nie opu\u015bci\u0142a wiara w Melitele, a sama bogini postanowi\u0142a go za tak\u0105 wierno\u015b\u0107 nagrodzi\u0107. Obdarzy\u0142a go pot\u0119\u017cn\u0105 moc\u0105 uzdrawiania i wla\u0142a w jego serce nadziej\u0119 i zapa\u0142 do niesienia pomocy bli\u017anim. Od tamtego czasu Johann w\u0142\u00f3czy si\u0119 po ca\u0142ym Sodden i Zarzeczu, by nie\u015b\u0107 pomoc i dobr\u0105 nowin\u0119 wszystkim potrzebuj\u0105cym i tym samym przesta\u0107 my\u015ble\u0107 o nieprzyjemnej przesz\u0142o\u015bci. Jego przemiana nast\u0105pi\u0142a prawie dwadzie\u015bcia lat temu, ale nawet i dzi\u015b mo\u017cesz go drogi Bajarzu spotka\u0107 gdzie\u015b w okolicy Kagen i poprosi\u0107 o uzdrowienie. Na pewno nie odm\u00f3wi, bo nikomu jeszcze nie odm\u00f3wi\u0142. Nie licz jednak na przyjacielsk\u0105 pogaw\u0119dk\u0119, bo my\u015bli Johanna s\u0105 wci\u0105\u017c przy Estelli Rimbodeux. Donnus czeka na wezwanie od dobrej Melitele do za\u015bwiat\u00f3w, by tam spotka\u0107 si\u0119 wreszcie ze swoj\u0105 ukochan\u0105&#8230;<\/p>\n<p>Maciek 'Beerbarian&#8217; Jarecki<br \/>\n<A HREF=\"mailto:macbeerbarian@interia.pl\">macbeerbarian@interia.pl<\/A><\/p>\n","protected":false},"excerpt":{"rendered":"<p>czyli o tym, jak by\u0107 nietypow\u0105 postaci\u0105 t\u0142a&#8230;<\/p>\n","protected":false},"author":49,"featured_media":0,"comment_status":"open","ping_status":"closed","sticky":false,"template":"","format":"standard","meta":{"_et_pb_use_builder":"","_et_pb_old_content":"","_et_gb_content_width":"","footnotes":""},"categories":[7],"tags":[],"class_list":["post-304","post","type-post","status-publish","format-standard","hentry","category-bohaterowie","et-doesnt-have-format-content","et_post_format-et-post-format-standard"],"_links":{"self":[{"href":"https:\/\/wiedzmin.zrpg.pl\/strona\/wp-json\/wp\/v2\/posts\/304","targetHints":{"allow":["GET"]}}],"collection":[{"href":"https:\/\/wiedzmin.zrpg.pl\/strona\/wp-json\/wp\/v2\/posts"}],"about":[{"href":"https:\/\/wiedzmin.zrpg.pl\/strona\/wp-json\/wp\/v2\/types\/post"}],"author":[{"embeddable":true,"href":"https:\/\/wiedzmin.zrpg.pl\/strona\/wp-json\/wp\/v2\/users\/49"}],"replies":[{"embeddable":true,"href":"https:\/\/wiedzmin.zrpg.pl\/strona\/wp-json\/wp\/v2\/comments?post=304"}],"version-history":[{"count":0,"href":"https:\/\/wiedzmin.zrpg.pl\/strona\/wp-json\/wp\/v2\/posts\/304\/revisions"}],"wp:attachment":[{"href":"https:\/\/wiedzmin.zrpg.pl\/strona\/wp-json\/wp\/v2\/media?parent=304"}],"wp:term":[{"taxonomy":"category","embeddable":true,"href":"https:\/\/wiedzmin.zrpg.pl\/strona\/wp-json\/wp\/v2\/categories?post=304"},{"taxonomy":"post_tag","embeddable":true,"href":"https:\/\/wiedzmin.zrpg.pl\/strona\/wp-json\/wp\/v2\/tags?post=304"}],"curies":[{"name":"wp","href":"https:\/\/api.w.org\/{rel}","templated":true}]}}